{"id":1942,"date":"2025-05-29T14:16:02","date_gmt":"2025-05-29T18:16:02","guid":{"rendered":"https:\/\/www.hotelouigo.com\/?p=1942"},"modified":"2025-06-04T14:19:03","modified_gmt":"2025-06-04T18:19:03","slug":"biectr-2025-trois-rivieres","status":"publish","type":"post","link":"https:\/\/www.hotelouigo.com\/en\/biectr-2025-trois-rivieres\/","title":{"rendered":"La BIECTR 2025 : Trois-Rivi\u00e8res accueille le monde de l\u2019estampe\u2026 avec son Pr\u00e9sident d\u2019honneur !"},"content":{"rendered":"<h4 data-start=\"322\" data-end=\"403\"><\/h4>\n<p data-start=\"322\" data-end=\"403\"><strong data-start=\"322\" data-end=\"403\">Gilles Babin, propri\u00e9taire de l\u2019H\u00f4tel Oui GO!, comme pr\u00e9sident d\u2019honneur pour cette 14\u00e8me \u00e9dition!<\/strong><\/p>\n<p data-start=\"405\" data-end=\"755\">Du <strong data-start=\"408\" data-end=\"440\">17 juin au 10 septembre 2025<\/strong>, Trois-Rivi\u00e8res devient le th\u00e9\u00e2tre d\u2019un rendez-vous artistique d\u2019envergure internationale : la <strong data-start=\"536\" data-end=\"618\">14\u1d49 Biennale internationale d\u2019estampe contemporaine de Trois-Rivi\u00e8res (BIECTR)<\/strong>. Ce grand \u00e9v\u00e9nement r\u00e9unit <strong data-start=\"646\" data-end=\"678\">47 artistes issus de 17 pays<\/strong> et pr\u00e8s de <strong data-start=\"690\" data-end=\"704\">200 \u0153uvres<\/strong> autour de l\u2019univers riche et moderne de l\u2019estampe.<\/p>\n<h3 data-start=\"762\" data-end=\"802\">Une biennale audacieuse et engag\u00e9e<\/h3>\n<p data-start=\"804\" data-end=\"1116\">Depuis sa cr\u00e9ation en 1999, la BIECTR s\u2019est impos\u00e9e comme <strong data-start=\"862\" data-end=\"937\">la plus grande biennale consacr\u00e9e \u00e0 l\u2019estampe contemporaine en Am\u00e9rique<\/strong>. L\u2019\u00e9dition 2025 confirme cette stature en pr\u00e9sentant des \u0153uvres d\u2019artistes chevronn\u00e9s et \u00e9mergents, tous anim\u00e9s par un profond d\u00e9sir d\u2019explorer, de questionner et de transmettre.<\/p>\n<p data-start=\"1118\" data-end=\"1195\">Le <strong data-start=\"1121\" data-end=\"1143\">jury international<\/strong> a choisi les \u0153uvres selon quatre axes th\u00e9matiques :<\/p>\n<p data-start=\"1198\" data-end=\"1284\"><strong data-start=\"1198\" data-end=\"1214\">L\u2019engagement<\/strong> : r\u00e9flexions sur les luttes sociales, politiques ou environnementales<\/p>\n<p data-start=\"1287\" data-end=\"1354\"><strong data-start=\"1287\" data-end=\"1308\">La ligne du temps<\/strong> : \u00e9vocations du pass\u00e9, m\u00e9moire et temporalit\u00e9<\/p>\n<p data-start=\"1357\" data-end=\"1408\"><strong data-start=\"1357\" data-end=\"1369\">Le conte<\/strong> : symbolisme, narration et fantastique<\/p>\n<p data-start=\"1411\" data-end=\"1472\"><strong data-start=\"1411\" data-end=\"1425\">Le paysage<\/strong> : exploration du territoire, r\u00e9el ou r\u00e9invent\u00e9<\/p>\n<p data-start=\"1474\" data-end=\"1851\">Parmi les artistes prim\u00e9s, on retrouve <strong data-start=\"1513\" data-end=\"1534\">Cassandre Boucher<\/strong> (Grand Prix BIECTR 2025) pour une \u0153uvre tiss\u00e9e \u00e0 la main \u00e0 partir de d\u00e9chets textiles et <strong data-start=\"1624\" data-end=\"1644\">Carlos Barberena<\/strong> (Prix Ren\u00e9-Donais), qui aborde la pr\u00e9carit\u00e9 des travailleurs migrants. Cette diversit\u00e9 de voix et de formes fait de la biennale un \u00e9v\u00e9nement aussi accessible qu\u2019exigeant, profond\u00e9ment ancr\u00e9 dans son \u00e9poque.<\/p>\n<h3 data-start=\"1858\" data-end=\"1920\">Cinq lieux, une seule ville, des centaines d\u2019histoires<\/h3>\n<p data-start=\"1922\" data-end=\"2034\">La BIECTR investit cinq lieux embl\u00e9matiques de Trois-Rivi\u00e8res, tous situ\u00e9s \u00e0 distance de marche de notre h\u00f4tel :<\/p>\n<p data-start=\"2037\" data-end=\"2065\">la <strong data-start=\"2040\" data-end=\"2065\">Galerie d\u2019art du Parc<\/strong><\/p>\n<p data-start=\"2068\" data-end=\"2099\">l\u2019<strong data-start=\"2070\" data-end=\"2099\">ancienne gare ferroviaire<\/strong><\/p>\n<p data-start=\"2102\" data-end=\"2121\"><strong data-start=\"2102\" data-end=\"2121\">l\u2019Atelier Silex<\/strong><\/p>\n<p data-start=\"2124\" data-end=\"2164\">le <strong data-start=\"2127\" data-end=\"2164\">Centre de diffusion Presse Papier<\/strong><\/p>\n<p data-start=\"2167\" data-end=\"2209\">le <strong data-start=\"2170\" data-end=\"2209\">Centre d\u2019exposition Raymond-Lasnier<\/strong><\/p>\n<p data-start=\"475\" data-end=\"718\"><strong data-start=\"478\" data-end=\"503\">Nouveaut\u00e9 cette ann\u00e9e<\/strong> : contrairement aux \u00e9ditions pr\u00e9c\u00e9dentes, l\u2019acc\u00e8s aux expositions n\u2019est plus gratuit. Un <strong data-start=\"593\" data-end=\"621\">passeport au co\u00fbt de 8\u202f$<\/strong> permet de visiter <strong data-start=\"640\" data-end=\"689\">les cinq lieux d\u2019exposition en acc\u00e8s illimit\u00e9<\/strong> jusqu\u2019\u00e0 la fin de la saison.<\/p>\n<p data-start=\"720\" data-end=\"832\">Une belle fa\u00e7on de profiter pleinement de cette biennale exceptionnelle, \u00e0 votre rythme, tout au long de l\u2019\u00e9t\u00e9 !<\/p>\n<p data-start=\"2211\" data-end=\"2372\">Et pourquoi pas immortaliser votre visite avec une photo dans l\u2019un des lieux d\u2019exposition, \u00e0 quelques pas de votre chambre ?<\/p>\n<h3 data-start=\"2379\" data-end=\"2436\">Le mot de notre pr\u00e9sident d\u2019honneur : Gilles Babin<\/h3>\n<p data-start=\"2438\" data-end=\"2690\">Cette ann\u00e9e, la BIECTR a choisi comme pr\u00e9sident d\u2019honneur <strong data-start=\"2496\" data-end=\"2512\">Gilles Babin<\/strong>, homme d\u2019affaires trifluvien et propri\u00e9taire de l\u2019H\u00f4tel Oui GO!. Tr\u00e8s engag\u00e9 dans le d\u00e9veloppement culturel et \u00e9conomique de la r\u00e9gion, il partage ici quelques mots inspirants :<\/p>\n<blockquote data-start=\"2692\" data-end=\"3367\">\n<p data-start=\"2694\" data-end=\"2947\"><em data-start=\"2694\" data-end=\"2945\">\u00ab J\u2019ai le plaisir d\u2019annoncer ma nomination en tant que Pr\u00e9sident d\u2019honneur de la 14\u1d49 \u00e9dition de la BIECTR \u2013 une biennale culturelle incontournable qui rassemble des artistes du monde entier autour de la cr\u00e9ativit\u00e9, de l\u2019\u00e9motion et de l\u2019engagement. \u00bb<\/em><\/p>\n<p data-start=\"2952\" data-end=\"3105\"><em data-start=\"2952\" data-end=\"3103\">\u00ab Je vous invite chaleureusement \u00e0 d\u00e9couvrir pr\u00e8s de 200 \u0153uvres\u2026 une occasion unique de voyager \u00e0 travers les arts visuels sans quitter la r\u00e9gion ! \u00bb<\/em><\/p>\n<p data-start=\"3110\" data-end=\"3367\"><em data-start=\"3110\" data-end=\"3367\">\u00ab \u00c0 mes coll\u00e8gues du milieu des affaires : je vous encourage \u00e0 vous engager, m\u00eame modestement, dans la culture et les arts \u2013 un geste porteur de valeur et de sens. Le croisement de ces deux mondes g\u00e9n\u00e8re des retomb\u00e9es \u00e9conomiques et sociales pr\u00e9cieuses. \u00bb<\/em><\/p>\n<\/blockquote>\n<p data-start=\"3369\" data-end=\"3513\">Un beau message qui refl\u00e8te la mission que partage \u00e9galement notre h\u00f4tel : <strong data-start=\"3444\" data-end=\"3512\">\u00eatre un acteur vivant du centre-ville culturel de Trois-Rivi\u00e8res<\/strong>.<\/p>\n<h3 data-start=\"3520\" data-end=\"3580\"><img decoding=\"async\" class=\" wp-image-1945 aligncenter\" src=\"https:\/\/www.hotelouigo.com\/dist\/uploads\/2025\/05\/President-dhonneur-BIECTR-Gilles-Babin-300x233.jpg\" alt=\"\" width=\"539\" height=\"419\" srcset=\"https:\/\/www.hotelouigo.com\/dist\/uploads\/2025\/05\/President-dhonneur-BIECTR-Gilles-Babin-300x233.jpg 300w, https:\/\/www.hotelouigo.com\/dist\/uploads\/2025\/05\/President-dhonneur-BIECTR-Gilles-Babin-1024x796.jpg 1024w, https:\/\/www.hotelouigo.com\/dist\/uploads\/2025\/05\/President-dhonneur-BIECTR-Gilles-Babin.jpg 1600w\" sizes=\"(max-width: 539px) 100vw, 539px\" \/><\/h3>\n<p style=\"text-align: center;\"><span>Photo : \u00c9lisabeth Mathieu, ainsi que Val\u00e9rie Morrissette de la Biennale d&#8217;estampe contemporaine de Trois-Rivi\u00e8res, en compagnie du pr\u00e9sident d&#8217;honneur, l&#8217;homme d&#8217;affaires Gilles Babin. (cr\u00e9dit photo : Genevi\u00e8ve Beaulieu-Veilleux\/Le Nouvelliste) <\/span><\/p>\n<p>&nbsp;<\/p>\n<h3 data-start=\"3520\" data-end=\"3580\">L\u2019H\u00f4tel Oui GO! : votre pied-\u00e0-terre au c\u0153ur de l\u2019art<\/h3>\n<p data-start=\"3582\" data-end=\"3864\">Notre \u00e9tablissement, situ\u00e9 \u00e0 deux pas des lieux d\u2019exposition, vous propose un s\u00e9jour confortable et chaleureux dans un cadre raffin\u00e9. Que vous soyez passionn\u00e9 d\u2019art ou simplement curieux, c\u2019est <strong data-start=\"3776\" data-end=\"3863\">l\u2019adresse id\u00e9ale pour profiter de la biennale et d\u00e9couvrir Trois-Rivi\u00e8res autrement<\/strong>.<\/p>\n<p data-start=\"3866\" data-end=\"4055\">Profitez d\u2019un brunch avant votre visite, reposez-vous dans une chambre apaisante apr\u00e8s une journ\u00e9e d\u2019exposition, et laissez-vous porter par l\u2019\u00e9nergie cr\u00e9ative qui anime la ville tout l\u2019\u00e9t\u00e9.<\/p>\n<h3 data-start=\"4062\" data-end=\"4084\"><img decoding=\"async\" class=\" wp-image-1947 aligncenter\" src=\"https:\/\/www.hotelouigo.com\/dist\/uploads\/2025\/05\/Conference-BIECTR-300x159.jpg\" alt=\"\" width=\"778\" height=\"413\" srcset=\"https:\/\/www.hotelouigo.com\/dist\/uploads\/2025\/05\/Conference-BIECTR-300x159.jpg 300w, https:\/\/www.hotelouigo.com\/dist\/uploads\/2025\/05\/Conference-BIECTR-1024x543.jpg 1024w\" sizes=\"(max-width: 778px) 100vw, 778px\" \/><\/h3>\n<p style=\"text-align: center;\"><span>Photo : Florence D\u00e9saulniers<\/span><\/p>\n<h3 data-start=\"4062\" data-end=\"4084\">Infos pratiques<\/h3>\n<p data-start=\"4088\" data-end=\"4130\"><strong data-start=\"4088\" data-end=\"4097\">Dates<\/strong> : 17 juin au 10 septembre 2025<\/p>\n<p data-start=\"4133\" data-end=\"4156\"><strong data-start=\"4133\" data-end=\"4143\">Entr\u00e9e<\/strong> : passeport au co\u00fbt de 8.00 $<\/p>\n<p data-start=\"4159\" data-end=\"4263\"><strong data-start=\"4159\" data-end=\"4168\">Lieux<\/strong> : Galerie d\u2019art du Parc, ancienne gare, Atelier Silex, Presse Papier, Centre Raymond-Lasnier<\/p>\n<p data-start=\"4266\" data-end=\"4305\"><strong data-start=\"4266\" data-end=\"4278\">Artistes<\/strong> : 47 artistes de 17 pays<\/p>\n<p data-start=\"4308\" data-end=\"4334\"><strong data-start=\"4308\" data-end=\"4318\">\u0152uvres<\/strong> : Pr\u00e8s de 200<\/p>\n<p data-start=\"4337\" data-end=\"4389\"><strong data-start=\"4337\" data-end=\"4349\">Site web<\/strong> : <a class=\"\" href=\"http:\/\/www.biectr.ca\" target=\"_new\" rel=\"noopener\" data-start=\"4352\" data-end=\"4389\">www.biectr.ca<\/a><\/p>\n<p data-start=\"4396\" data-end=\"4552\"><strong data-start=\"2685\" data-end=\"2775\">Venez vivre une exp\u00e9rience culturelle unique, soutenue avec fiert\u00e9 par l\u2019H\u00f4tel Oui GO!<\/strong><\/p>\n<p data-start=\"4396\" data-end=\"4552\">Photo principale : site internet de la BIECTR<\/p>\n<p data-start=\"4396\" data-end=\"4552\">\n","protected":false},"excerpt":{"rendered":"<p>Gilles Babin, propri\u00e9taire de l\u2019H\u00f4tel Oui GO!, comme pr\u00e9sident d\u2019honneur pour cette 14\u00e8me \u00e9dition! Du 17 juin au 10 septembre 2025, Trois-Rivi\u00e8res devient le th\u00e9\u00e2tre d\u2019un rendez-vous artistique d\u2019envergure internationale : la 14\u1d49 Biennale internationale d\u2019estampe contemporaine de Trois-Rivi\u00e8res (BIECTR). Ce grand \u00e9v\u00e9nement r\u00e9unit 47 artistes issus de 17 pays et pr\u00e8s de 200 \u0153uvres&#8230;<\/p>\n","protected":false},"author":3,"featured_media":1950,"comment_status":"closed","ping_status":"open","sticky":false,"template":"","format":"standard","meta":{"_acf_changed":false,"footnotes":""},"categories":[1],"tags":[],"class_list":["post-1942","post","type-post","status-publish","format-standard","has-post-thumbnail","hentry","category-non-classifiee"],"acf":[],"yoast_head":"<!-- This site is optimized with the Yoast SEO plugin v27.5 - https:\/\/yoast.com\/product\/yoast-seo-wordpress\/ -->\n<title>La BIECTR 2025 : Trois-Rivi\u00e8res accueille le monde de l\u2019estampe\u2026 avec son Pr\u00e9sident d\u2019honneur ! | H\u00f4tel Oui GO! URBAIN. CHIC. D\u00c9CONTRACT\u00c9.<\/title>\n<meta name=\"description\" content=\"Gilles Babin, propri\u00e9taire de l\u2019H\u00f4tel Oui GO!, comme pr\u00e9sident d\u2019honneur pour cette 14\u00e8me \u00e9dition! Du 17 juin au 10 septembre 2025, Trois-Rivi\u00e8res devient\" \/>\n<meta name=\"robots\" content=\"index, follow, max-snippet:-1, max-image-preview:large, max-video-preview:-1\" \/>\n<link rel=\"canonical\" href=\"https:\/\/www.hotelouigo.com\/en\/biectr-2025-trois-rivieres\/\" \/>\n<meta property=\"og:locale\" content=\"en_US\" \/>\n<meta property=\"og:type\" content=\"article\" \/>\n<meta property=\"og:title\" content=\"La BIECTR 2025 : Trois-Rivi\u00e8res accueille le monde de l\u2019estampe\u2026 avec son Pr\u00e9sident d\u2019honneur ! | H\u00f4tel Oui GO! URBAIN. CHIC. D\u00c9CONTRACT\u00c9.\" \/>\n<meta property=\"og:description\" content=\"Gilles Babin, propri\u00e9taire de l\u2019H\u00f4tel Oui GO!, comme pr\u00e9sident d\u2019honneur pour cette 14\u00e8me \u00e9dition! Du 17 juin au 10 septembre 2025, Trois-Rivi\u00e8res devient\" \/>\n<meta property=\"og:url\" content=\"https:\/\/www.hotelouigo.com\/en\/biectr-2025-trois-rivieres\/\" \/>\n<meta property=\"og:site_name\" content=\"H\u00f4tel Oui GO!\" \/>\n<meta property=\"article:publisher\" content=\"https:\/\/www.facebook.com\/hotelouigo\" \/>\n<meta property=\"article:published_time\" content=\"2025-05-29T18:16:02+00:00\" \/>\n<meta property=\"article:modified_time\" content=\"2025-06-04T18:19:03+00:00\" \/>\n<meta property=\"og:image\" content=\"https:\/\/www.hotelouigo.com\/dist\/uploads\/2025\/05\/BIECTR-1024x484.png\" \/>\n\t<meta property=\"og:image:width\" content=\"1024\" \/>\n\t<meta property=\"og:image:height\" content=\"484\" \/>\n\t<meta property=\"og:image:type\" content=\"image\/png\" \/>\n<meta name=\"author\" content=\"Laetitia Lozach\" \/>\n<meta name=\"twitter:card\" content=\"summary_large_image\" \/>\n<meta name=\"twitter:label1\" content=\"Written by\" \/>\n\t<meta name=\"twitter:data1\" content=\"Laetitia Lozach\" \/>\n\t<meta name=\"twitter:label2\" content=\"Est. reading time\" \/>\n\t<meta name=\"twitter:data2\" content=\"4 minutes\" \/>\n<script type=\"application\/ld+json\" class=\"yoast-schema-graph\">{\"@context\":\"https:\\\/\\\/schema.org\",\"@graph\":[{\"@type\":[\"Article\",\"BlogPosting\"],\"@id\":\"https:\\\/\\\/www.hotelouigo.com\\\/en\\\/biectr-2025-trois-rivieres\\\/#article\",\"isPartOf\":{\"@id\":\"https:\\\/\\\/www.hotelouigo.com\\\/en\\\/biectr-2025-trois-rivieres\\\/\"},\"author\":{\"name\":\"Laetitia Lozach\",\"@id\":\"https:\\\/\\\/www.hotelouigo.com\\\/en\\\/#\\\/schema\\\/person\\\/fa000d0c5919a041e02a9b7da1599250\"},\"headline\":\"La BIECTR 2025 : Trois-Rivi\u00e8res accueille le monde de l\u2019estampe\u2026 avec son Pr\u00e9sident d\u2019honneur !\",\"datePublished\":\"2025-05-29T18:16:02+00:00\",\"dateModified\":\"2025-06-04T18:19:03+00:00\",\"mainEntityOfPage\":{\"@id\":\"https:\\\/\\\/www.hotelouigo.com\\\/en\\\/biectr-2025-trois-rivieres\\\/\"},\"wordCount\":792,\"publisher\":{\"@id\":\"https:\\\/\\\/www.hotelouigo.com\\\/en\\\/#organization\"},\"image\":{\"@id\":\"https:\\\/\\\/www.hotelouigo.com\\\/en\\\/biectr-2025-trois-rivieres\\\/#primaryimage\"},\"thumbnailUrl\":\"https:\\\/\\\/www.hotelouigo.com\\\/wp-content\\\/uploads\\\/2025\\\/05\\\/BIECTR.png\",\"articleSection\":[\"Non classifi\u00e9(e)\"],\"inLanguage\":\"en-US\"},{\"@type\":\"WebPage\",\"@id\":\"https:\\\/\\\/www.hotelouigo.com\\\/en\\\/biectr-2025-trois-rivieres\\\/\",\"url\":\"https:\\\/\\\/www.hotelouigo.com\\\/en\\\/biectr-2025-trois-rivieres\\\/\",\"name\":\"La BIECTR 2025 : Trois-Rivi\u00e8res accueille le monde de l\u2019estampe\u2026 avec son Pr\u00e9sident d\u2019honneur ! | H\u00f4tel Oui GO! URBAIN. CHIC. D\u00c9CONTRACT\u00c9.\",\"isPartOf\":{\"@id\":\"https:\\\/\\\/www.hotelouigo.com\\\/en\\\/#website\"},\"primaryImageOfPage\":{\"@id\":\"https:\\\/\\\/www.hotelouigo.com\\\/en\\\/biectr-2025-trois-rivieres\\\/#primaryimage\"},\"image\":{\"@id\":\"https:\\\/\\\/www.hotelouigo.com\\\/en\\\/biectr-2025-trois-rivieres\\\/#primaryimage\"},\"thumbnailUrl\":\"https:\\\/\\\/www.hotelouigo.com\\\/wp-content\\\/uploads\\\/2025\\\/05\\\/BIECTR.png\",\"datePublished\":\"2025-05-29T18:16:02+00:00\",\"dateModified\":\"2025-06-04T18:19:03+00:00\",\"description\":\"Gilles Babin, propri\u00e9taire de l\u2019H\u00f4tel Oui GO!, comme pr\u00e9sident d\u2019honneur pour cette 14\u00e8me \u00e9dition! Du 17 juin au 10 septembre 2025, Trois-Rivi\u00e8res devient\",\"breadcrumb\":{\"@id\":\"https:\\\/\\\/www.hotelouigo.com\\\/en\\\/biectr-2025-trois-rivieres\\\/#breadcrumb\"},\"inLanguage\":\"en-US\",\"potentialAction\":[{\"@type\":\"ReadAction\",\"target\":[\"https:\\\/\\\/www.hotelouigo.com\\\/en\\\/biectr-2025-trois-rivieres\\\/\"]}]},{\"@type\":\"ImageObject\",\"inLanguage\":\"en-US\",\"@id\":\"https:\\\/\\\/www.hotelouigo.com\\\/en\\\/biectr-2025-trois-rivieres\\\/#primaryimage\",\"url\":\"https:\\\/\\\/www.hotelouigo.com\\\/wp-content\\\/uploads\\\/2025\\\/05\\\/BIECTR.png\",\"contentUrl\":\"https:\\\/\\\/www.hotelouigo.com\\\/wp-content\\\/uploads\\\/2025\\\/05\\\/BIECTR.png\",\"width\":1890,\"height\":893},{\"@type\":\"BreadcrumbList\",\"@id\":\"https:\\\/\\\/www.hotelouigo.com\\\/en\\\/biectr-2025-trois-rivieres\\\/#breadcrumb\",\"itemListElement\":[{\"@type\":\"ListItem\",\"position\":1,\"name\":\"Accueil\",\"item\":\"https:\\\/\\\/www.hotelouigo.com\\\/en\\\/\"},{\"@type\":\"ListItem\",\"position\":2,\"name\":\"La BIECTR 2025 : Trois-Rivi\u00e8res accueille le monde de l\u2019estampe\u2026 avec son Pr\u00e9sident d\u2019honneur !\"}]},{\"@type\":\"WebSite\",\"@id\":\"https:\\\/\\\/www.hotelouigo.com\\\/en\\\/#website\",\"url\":\"https:\\\/\\\/www.hotelouigo.com\\\/en\\\/\",\"name\":\"H\u00f4tel Oui GO!\",\"description\":\"URBAIN. CHIC. D\u00c9CONTRACT\u00c9.\",\"publisher\":{\"@id\":\"https:\\\/\\\/www.hotelouigo.com\\\/en\\\/#organization\"},\"alternateName\":\"H\u00f4tel Oui GO!\",\"potentialAction\":[{\"@type\":\"SearchAction\",\"target\":{\"@type\":\"EntryPoint\",\"urlTemplate\":\"https:\\\/\\\/www.hotelouigo.com\\\/en\\\/?s={search_term_string}\"},\"query-input\":{\"@type\":\"PropertyValueSpecification\",\"valueRequired\":true,\"valueName\":\"search_term_string\"}}],\"inLanguage\":\"en-US\"},{\"@type\":\"Organization\",\"@id\":\"https:\\\/\\\/www.hotelouigo.com\\\/en\\\/#organization\",\"name\":\"H\u00f4tel Oui GO!\",\"url\":\"https:\\\/\\\/www.hotelouigo.com\\\/en\\\/\",\"logo\":{\"@type\":\"ImageObject\",\"inLanguage\":\"en-US\",\"@id\":\"https:\\\/\\\/www.hotelouigo.com\\\/en\\\/#\\\/schema\\\/logo\\\/image\\\/\",\"url\":\"https:\\\/\\\/www.hotelouigo.com\\\/wp-content\\\/uploads\\\/2024\\\/04\\\/OuiGo_logo_Noirgris-4_1603220426.png\",\"contentUrl\":\"https:\\\/\\\/www.hotelouigo.com\\\/wp-content\\\/uploads\\\/2024\\\/04\\\/OuiGo_logo_Noirgris-4_1603220426.png\",\"width\":1335,\"height\":1451,\"caption\":\"H\u00f4tel Oui GO!\"},\"image\":{\"@id\":\"https:\\\/\\\/www.hotelouigo.com\\\/en\\\/#\\\/schema\\\/logo\\\/image\\\/\"},\"sameAs\":[\"https:\\\/\\\/www.facebook.com\\\/hotelouigo\",\"https:\\\/\\\/www.instagram.com\\\/hotelouigo\\\/\",\"https:\\\/\\\/www.youtube.com\\\/@hotelouigo4898\"]},{\"@type\":\"Person\",\"@id\":\"https:\\\/\\\/www.hotelouigo.com\\\/en\\\/#\\\/schema\\\/person\\\/fa000d0c5919a041e02a9b7da1599250\",\"name\":\"Laetitia Lozach\",\"image\":{\"@type\":\"ImageObject\",\"inLanguage\":\"en-US\",\"@id\":\"https:\\\/\\\/secure.gravatar.com\\\/avatar\\\/81cae6349596ab793306d8287d241ff0db596b5245055833f3aa23aed2ecd167?s=96&d=mm&r=g\",\"url\":\"https:\\\/\\\/secure.gravatar.com\\\/avatar\\\/81cae6349596ab793306d8287d241ff0db596b5245055833f3aa23aed2ecd167?s=96&d=mm&r=g\",\"contentUrl\":\"https:\\\/\\\/secure.gravatar.com\\\/avatar\\\/81cae6349596ab793306d8287d241ff0db596b5245055833f3aa23aed2ecd167?s=96&d=mm&r=g\",\"caption\":\"Laetitia Lozach\"}}]}<\/script>\n<!-- \/ Yoast SEO plugin. -->","yoast_head_json":{"title":"La BIECTR 2025 : Trois-Rivi\u00e8res accueille le monde de l\u2019estampe\u2026 avec son Pr\u00e9sident d\u2019honneur ! | H\u00f4tel Oui GO! URBAIN. CHIC. D\u00c9CONTRACT\u00c9.","description":"Gilles Babin, propri\u00e9taire de l\u2019H\u00f4tel Oui GO!, comme pr\u00e9sident d\u2019honneur pour cette 14\u00e8me \u00e9dition! Du 17 juin au 10 septembre 2025, Trois-Rivi\u00e8res devient","robots":{"index":"index","follow":"follow","max-snippet":"max-snippet:-1","max-image-preview":"max-image-preview:large","max-video-preview":"max-video-preview:-1"},"canonical":"https:\/\/www.hotelouigo.com\/en\/biectr-2025-trois-rivieres\/","og_locale":"en_US","og_type":"article","og_title":"La BIECTR 2025 : Trois-Rivi\u00e8res accueille le monde de l\u2019estampe\u2026 avec son Pr\u00e9sident d\u2019honneur ! | H\u00f4tel Oui GO! URBAIN. CHIC. D\u00c9CONTRACT\u00c9.","og_description":"Gilles Babin, propri\u00e9taire de l\u2019H\u00f4tel Oui GO!, comme pr\u00e9sident d\u2019honneur pour cette 14\u00e8me \u00e9dition! Du 17 juin au 10 septembre 2025, Trois-Rivi\u00e8res devient","og_url":"https:\/\/www.hotelouigo.com\/en\/biectr-2025-trois-rivieres\/","og_site_name":"H\u00f4tel Oui GO!","article_publisher":"https:\/\/www.facebook.com\/hotelouigo","article_published_time":"2025-05-29T18:16:02+00:00","article_modified_time":"2025-06-04T18:19:03+00:00","og_image":[{"width":1024,"height":484,"url":"https:\/\/www.hotelouigo.com\/dist\/uploads\/2025\/05\/BIECTR-1024x484.png","type":"image\/png"}],"author":"Laetitia Lozach","twitter_card":"summary_large_image","twitter_misc":{"Written by":"Laetitia Lozach","Est. reading time":"4 minutes"},"schema":{"@context":"https:\/\/schema.org","@graph":[{"@type":["Article","BlogPosting"],"@id":"https:\/\/www.hotelouigo.com\/en\/biectr-2025-trois-rivieres\/#article","isPartOf":{"@id":"https:\/\/www.hotelouigo.com\/en\/biectr-2025-trois-rivieres\/"},"author":{"name":"Laetitia Lozach","@id":"https:\/\/www.hotelouigo.com\/en\/#\/schema\/person\/fa000d0c5919a041e02a9b7da1599250"},"headline":"La BIECTR 2025 : Trois-Rivi\u00e8res accueille le monde de l\u2019estampe\u2026 avec son Pr\u00e9sident d\u2019honneur !","datePublished":"2025-05-29T18:16:02+00:00","dateModified":"2025-06-04T18:19:03+00:00","mainEntityOfPage":{"@id":"https:\/\/www.hotelouigo.com\/en\/biectr-2025-trois-rivieres\/"},"wordCount":792,"publisher":{"@id":"https:\/\/www.hotelouigo.com\/en\/#organization"},"image":{"@id":"https:\/\/www.hotelouigo.com\/en\/biectr-2025-trois-rivieres\/#primaryimage"},"thumbnailUrl":"https:\/\/www.hotelouigo.com\/dist\/uploads\/2025\/05\/BIECTR.png","articleSection":["Non classifi\u00e9(e)"],"inLanguage":"en-US"},{"@type":"WebPage","@id":"https:\/\/www.hotelouigo.com\/en\/biectr-2025-trois-rivieres\/","url":"https:\/\/www.hotelouigo.com\/en\/biectr-2025-trois-rivieres\/","name":"La BIECTR 2025 : Trois-Rivi\u00e8res accueille le monde de l\u2019estampe\u2026 avec son Pr\u00e9sident d\u2019honneur ! | H\u00f4tel Oui GO! URBAIN. CHIC. D\u00c9CONTRACT\u00c9.","isPartOf":{"@id":"https:\/\/www.hotelouigo.com\/en\/#website"},"primaryImageOfPage":{"@id":"https:\/\/www.hotelouigo.com\/en\/biectr-2025-trois-rivieres\/#primaryimage"},"image":{"@id":"https:\/\/www.hotelouigo.com\/en\/biectr-2025-trois-rivieres\/#primaryimage"},"thumbnailUrl":"https:\/\/www.hotelouigo.com\/dist\/uploads\/2025\/05\/BIECTR.png","datePublished":"2025-05-29T18:16:02+00:00","dateModified":"2025-06-04T18:19:03+00:00","description":"Gilles Babin, propri\u00e9taire de l\u2019H\u00f4tel Oui GO!, comme pr\u00e9sident d\u2019honneur pour cette 14\u00e8me \u00e9dition! Du 17 juin au 10 septembre 2025, Trois-Rivi\u00e8res devient","breadcrumb":{"@id":"https:\/\/www.hotelouigo.com\/en\/biectr-2025-trois-rivieres\/#breadcrumb"},"inLanguage":"en-US","potentialAction":[{"@type":"ReadAction","target":["https:\/\/www.hotelouigo.com\/en\/biectr-2025-trois-rivieres\/"]}]},{"@type":"ImageObject","inLanguage":"en-US","@id":"https:\/\/www.hotelouigo.com\/en\/biectr-2025-trois-rivieres\/#primaryimage","url":"https:\/\/www.hotelouigo.com\/dist\/uploads\/2025\/05\/BIECTR.png","contentUrl":"https:\/\/www.hotelouigo.com\/dist\/uploads\/2025\/05\/BIECTR.png","width":1890,"height":893},{"@type":"BreadcrumbList","@id":"https:\/\/www.hotelouigo.com\/en\/biectr-2025-trois-rivieres\/#breadcrumb","itemListElement":[{"@type":"ListItem","position":1,"name":"Accueil","item":"https:\/\/www.hotelouigo.com\/en\/"},{"@type":"ListItem","position":2,"name":"La BIECTR 2025 : Trois-Rivi\u00e8res accueille le monde de l\u2019estampe\u2026 avec son Pr\u00e9sident d\u2019honneur !"}]},{"@type":"WebSite","@id":"https:\/\/www.hotelouigo.com\/en\/#website","url":"https:\/\/www.hotelouigo.com\/en\/","name":"H\u00f4tel Oui GO!","description":"URBAIN. CHIC. D\u00c9CONTRACT\u00c9.","publisher":{"@id":"https:\/\/www.hotelouigo.com\/en\/#organization"},"alternateName":"H\u00f4tel Oui GO!","potentialAction":[{"@type":"SearchAction","target":{"@type":"EntryPoint","urlTemplate":"https:\/\/www.hotelouigo.com\/en\/?s={search_term_string}"},"query-input":{"@type":"PropertyValueSpecification","valueRequired":true,"valueName":"search_term_string"}}],"inLanguage":"en-US"},{"@type":"Organization","@id":"https:\/\/www.hotelouigo.com\/en\/#organization","name":"H\u00f4tel Oui GO!","url":"https:\/\/www.hotelouigo.com\/en\/","logo":{"@type":"ImageObject","inLanguage":"en-US","@id":"https:\/\/www.hotelouigo.com\/en\/#\/schema\/logo\/image\/","url":"https:\/\/www.hotelouigo.com\/dist\/uploads\/2024\/04\/OuiGo_logo_Noirgris-4_1603220426.png","contentUrl":"https:\/\/www.hotelouigo.com\/dist\/uploads\/2024\/04\/OuiGo_logo_Noirgris-4_1603220426.png","width":1335,"height":1451,"caption":"H\u00f4tel Oui GO!"},"image":{"@id":"https:\/\/www.hotelouigo.com\/en\/#\/schema\/logo\/image\/"},"sameAs":["https:\/\/www.facebook.com\/hotelouigo","https:\/\/www.instagram.com\/hotelouigo\/","https:\/\/www.youtube.com\/@hotelouigo4898"]},{"@type":"Person","@id":"https:\/\/www.hotelouigo.com\/en\/#\/schema\/person\/fa000d0c5919a041e02a9b7da1599250","name":"Laetitia Lozach","image":{"@type":"ImageObject","inLanguage":"en-US","@id":"https:\/\/secure.gravatar.com\/avatar\/81cae6349596ab793306d8287d241ff0db596b5245055833f3aa23aed2ecd167?s=96&d=mm&r=g","url":"https:\/\/secure.gravatar.com\/avatar\/81cae6349596ab793306d8287d241ff0db596b5245055833f3aa23aed2ecd167?s=96&d=mm&r=g","contentUrl":"https:\/\/secure.gravatar.com\/avatar\/81cae6349596ab793306d8287d241ff0db596b5245055833f3aa23aed2ecd167?s=96&d=mm&r=g","caption":"Laetitia Lozach"}}]}},"publishpress_future_workflow_manual_trigger":{"enabledWorkflows":[]},"_links":{"self":[{"href":"https:\/\/www.hotelouigo.com\/en\/wp-json\/wp\/v2\/posts\/1942","targetHints":{"allow":["GET"]}}],"collection":[{"href":"https:\/\/www.hotelouigo.com\/en\/wp-json\/wp\/v2\/posts"}],"about":[{"href":"https:\/\/www.hotelouigo.com\/en\/wp-json\/wp\/v2\/types\/post"}],"author":[{"embeddable":true,"href":"https:\/\/www.hotelouigo.com\/en\/wp-json\/wp\/v2\/users\/3"}],"replies":[{"embeddable":true,"href":"https:\/\/www.hotelouigo.com\/en\/wp-json\/wp\/v2\/comments?post=1942"}],"version-history":[{"count":15,"href":"https:\/\/www.hotelouigo.com\/en\/wp-json\/wp\/v2\/posts\/1942\/revisions"}],"predecessor-version":[{"id":1977,"href":"https:\/\/www.hotelouigo.com\/en\/wp-json\/wp\/v2\/posts\/1942\/revisions\/1977"}],"wp:featuredmedia":[{"embeddable":true,"href":"https:\/\/www.hotelouigo.com\/en\/wp-json\/wp\/v2\/media\/1950"}],"wp:attachment":[{"href":"https:\/\/www.hotelouigo.com\/en\/wp-json\/wp\/v2\/media?parent=1942"}],"wp:term":[{"taxonomy":"category","embeddable":true,"href":"https:\/\/www.hotelouigo.com\/en\/wp-json\/wp\/v2\/categories?post=1942"},{"taxonomy":"post_tag","embeddable":true,"href":"https:\/\/www.hotelouigo.com\/en\/wp-json\/wp\/v2\/tags?post=1942"}],"curies":[{"name":"wp","href":"https:\/\/api.w.org\/{rel}","templated":true}]}}